{"id":1432,"date":"2024-02-13T15:04:55","date_gmt":"2024-02-13T15:04:55","guid":{"rendered":"https:\/\/www.albertocarnero.com\/now\/?p=1432"},"modified":"2024-02-13T19:39:46","modified_gmt":"2024-02-13T19:39:46","slug":"the-big-problems","status":"publish","type":"post","link":"https:\/\/www.albertocarnero.com\/now\/the-big-problems","title":{"rendered":"The Big Problems"},"content":{"rendered":"\n<h5 class=\"wp-block-heading\">Introducci\u00f3n<\/h5>\n\n\n\n<p style=\"font-size:16px\">El diario <em><a href=\"https:\/\/www.economist.com\/\" target=\"_blank\" rel=\"noreferrer noopener\">The Economist<\/a><\/em>, ya abord\u00f3 en varios art\u00edculos hace un tiempo los \u00abgrandes problemas\u00bb (<em>The Big Problems<\/em>) que enfrenta el mundo en la actualidad. Se argumentaron en su momento, de manera clara, que estos problemas son complejos y multifac\u00e9ticos, y que no hay soluciones f\u00e1ciles o r\u00e1pidas para abordarlos.<\/p>\n\n\n\n<p style=\"font-size:16px\">A d\u00eda de hoy estos problemas son un hecho y una realidad fundamentada, en d\u00f3nde se incluyen problem\u00e1ticas tan serias como la pobreza, la desigualdad, el cambio clim\u00e1tico, la proliferaci\u00f3n nuclear, el terrorismo y la inestabilidad pol\u00edtica. Se sabe tambi\u00e9n que estos problemas est\u00e1n interconectados y que abordar uno puede tener un impacto en otro u otros.<\/p>\n\n\n\n<p style=\"font-size:16px\">Aunque estos problemas son desalentadores, hay buenas razones para el optimismo. La tecnolog\u00eda y la innovaci\u00f3n pueden y deben ayudar a abordarlos, as\u00ed como la cooperaci\u00f3n internacional es esencial para encontrar soluciones efectivas a tales amenazas.<\/p>\n\n\n\n<p style=\"font-size:16px\"><\/p>\n\n\n\n<figure class=\"wp-block-image size-large\"><img loading=\"lazy\" decoding=\"async\" width=\"1024\" height=\"761\" src=\"https:\/\/www.albertocarnero.com\/now\/wp-content\/uploads\/2023\/05\/TBP_3-1024x761.jpg\" alt=\"\" class=\"wp-image-1446\" title=\"Imagen de L\u00e1szl\u00f3 Moholy-Nagy y Willem Sandberg\" srcset=\"https:\/\/www.albertocarnero.com\/now\/wp-content\/uploads\/2023\/05\/TBP_3-1024x761.jpg 1024w, https:\/\/www.albertocarnero.com\/now\/wp-content\/uploads\/2023\/05\/TBP_3-300x223.jpg 300w, https:\/\/www.albertocarnero.com\/now\/wp-content\/uploads\/2023\/05\/TBP_3-768x571.jpg 768w, https:\/\/www.albertocarnero.com\/now\/wp-content\/uploads\/2023\/05\/TBP_3.jpg 1280w\" sizes=\"auto, (max-width: 1024px) 100vw, 1024px\" \/><figcaption class=\"wp-element-caption\"><em>Climatic Change<\/em> - Polar bear in NYC<\/figcaption><\/figure>\n\n\n\n<p style=\"font-size:16px\">Los desaf\u00edos actuales son complejos y como dec\u00edamos, multifac\u00e9ticos, y requieren soluciones efectivas (basadas en evidencia y datos) y sostenibles (capaces de adaptarse a los cambios sin tener un perjuicio para los pilares esenciales de nuestro entorno social y f\u00edsico). <br>Es importante abordarlos de manera integral y colaborativa para lograr un impacto positivo a largo plazo en la sociedad, el medio ambiente y la econom\u00eda.<br><\/p>\n\n\n\n<p style=\"font-size:16px\"><strong>Desaf\u00edos sociales<\/strong>: <\/p>\n\n\n\n<p style=\"font-size:16px\">La pobreza, la desigualdad, la discriminaci\u00f3n, la exclusi\u00f3n social y la violencia son algunos de los problemas m\u00e1s debatidos hoy en d\u00eda, y es fundamental tener en cuenta su impacto en la vida cotidiana de las personas.<\/p>\n\n\n\n<p style=\"font-size:16px\">La pobreza es una realidad que afecta a millones de personas en todo el mundo. Adem\u00e1s de las necesidades b\u00e1sicas, como la alimentaci\u00f3n y la vivienda, la pobreza tambi\u00e9n tiene un impacto significativo en la educaci\u00f3n, la salud y el acceso a oportunidades laborales. Esto puede generar un ciclo interminable de privaci\u00f3n y <strong>limitar el potencial humano<\/strong> para el desarrollo de nuestro ecosistema social y cultural.<\/p>\n\n\n\n<p style=\"font-size:16px\">La desigualdad tambi\u00e9n es un tema importante, y puede manifestarse de diferentes formas, como la brecha salarial entre g\u00e9neros o entre diferentes grupos \u00e9tnicos y sociales. Esta desigualdad puede dificultar el acceso a oportunidades de igual modo que la pobreza y, en \u00faltima instancia, tiene el riesgo de limitar el potencial de individuos y comunidades. <\/p>\n\n\n\n<p style=\"font-size:16px\">La violencia, tanto f\u00edsica como emocional, tambi\u00e9n tiene un impacto notable. La violencia puede tener consecuencias a largo plazo en la salud mental y f\u00edsica, y puede limitar la capacidad de las personas para sentirse seguras y confiadas en sus entornos y comunidades sociales. Adem\u00e1s, puede generar inseguridad y limitar de nuevo, el acceso a oportunidades de evoluci\u00f3n econ\u00f3mico-social en las personas.<\/p>\n\n\n\n<p style=\"font-size:16px\">Es importante abordar estos problemas sociales de manera contundente y efectiva en durabilidad para mejorar la calidad de vida de las personas y lograr un futuro m\u00e1s justo e igualitario. La atenci\u00f3n y las pol\u00edticas p\u00fablicas efectivas que busquen erradicar la pobreza, reducir la desigualdad, promover la inclusi\u00f3n social y prevenir la violencia son fundamentales para garantizar una vida digna para todos y todas. Como sociedad, tenemos la responsabilidad de trabajar juntos para superar estos desaf\u00edos y construir un mundo m\u00e1s justo y sostenible.<br><\/p>\n\n\n\n<blockquote class=\"wp-block-quote is-layout-flow wp-block-quote-is-layout-flow\">\n<p><strong><em>La mayor\u00eda de los dise\u00f1adores del mundo centran todos sus esfuerzos en el desarrollo de productos y servicios exclusivamente para el 10% de los clientes potenciales de todo el planeta. Es necesaria una revoluci\u00f3n en el dise\u00f1o para poder alcanzar el otro 90\u202f%<\/em><\/strong><\/p>\n<cite><em>Dr. Paul Polak, International Development Enterprises.<\/em><\/cite><\/blockquote>\n\n\n\n<p style=\"font-size:16px\"><br><\/p>\n\n\n\n<p style=\"font-size:16px\"><strong><em>\u00abLa mayor\u00eda de los dise\u00f1adores del mundo centran todos sus esfuerzos en el desarrollo de productos y servicios exclusivamente para el 10% de los clientes potenciales de todo el planeta. Es necesaria una revoluci\u00f3n en el dise\u00f1o para poder alcanzar el otro 90\u202f%\u00bb<\/em><\/strong><br><em>Dr. Paul Polak, International Development Enterprises.<\/em><\/p>\n\n\n\n<p><\/p>\n\n\n\n<p style=\"font-size:16px\"><em><strong>\u00abEl prop\u00f3sito principal del dise\u00f1o para el mercado es crear productos para la venta. Por el contrario, la intenci\u00f3n principal del dise\u00f1o social es la satisfacci\u00f3n de las necesidades humanas\u00bb.<\/strong><br>Victor Margolin<\/em><\/p>\n\n\n\n<p style=\"font-size:16px\"><br><\/p>\n\n\n\n<p style=\"font-size:16px\"><strong>Desaf\u00edos pol\u00edticos<\/strong>: <\/p>\n\n\n\n<p style=\"font-size:16px\">Hay varios problemas que son muy discutidos en la pol\u00edtica;  la inestabilidad pol\u00edtica, la corrupci\u00f3n, la falta de democracia y la polarizaci\u00f3n<\/p>\n\n\n\n<p style=\"font-size:16px\">La inestabilidad pol\u00edtica puede ser muy problem\u00e1tica porque puede significar cambios frecuentes de gobierno o disputas constantes entre pol\u00edticos. Eso nos puede hacer sentir inseguros y es dif\u00edcil planificar a largo plazo. Adem\u00e1s, la inestabilidad pol\u00edtica puede afectar la econom\u00eda y sociedad de nuestro pa\u00eds.<\/p>\n\n\n\n<p style=\"font-size:16px\">La corrupci\u00f3n tambi\u00e9n es un gran problema porque puede limitar nuestro acceso a recursos y oportunidades, y aumentar la desigualdad social. Adem\u00e1s, la corrupci\u00f3n puede hacer que perdamos la confianza en nuestros l\u00edderes pol\u00edticos y en las instituciones que deben representar nuestros intereses.<\/p>\n\n\n\n<p style=\"font-size:16px\">La falta de democracia es otro problema que puede dificultar nuestra capacidad para influir en el proceso pol\u00edtico. Si no tenemos la oportunidad de participar en las decisiones que afectan nuestras vidas, es dif\u00edcil sentir que nuestro voto y nuestras opiniones realmente importan.<\/p>\n\n\n\n<p style=\"font-size:16px\">Por \u00faltimo, la polarizaci\u00f3n pol\u00edtica es una preocupaci\u00f3n porque puede generar un ambiente de hostilidad y desconfianza entre diferentes grupos pol\u00edticos. Esto puede hacer que sea dif\u00edcil que los pol\u00edticos trabajen juntos y encuentren soluciones efectivas a los problemas sociales.<\/p>\n\n\n\n<p style=\"font-size:16px\">En conclusi\u00f3n, es importante abordar estos desaf\u00edos pol\u00edticos para garantizar una sociedad justa y sostenible. Esto significa tomar medidas para reducir la inestabilidad pol\u00edtica, combatir la corrupci\u00f3n, promover la transparencia y la participaci\u00f3n ciudadana, y reducir la polarizaci\u00f3n. Todos juntos podemos trabajar para lograr una democracia plena y un futuro m\u00e1s justo e igualitario para todos.<\/p>\n\n\n\n<p><\/p>\n\n\n\n<p><\/p>\n\n\n\n<p style=\"font-size:16px\"><strong>Desaf\u00edos medioambientales<\/strong>: Los desaf\u00edos medioambientales incluyen el cambio clim\u00e1tico, la contaminaci\u00f3n, la p\u00e9rdida de biodiversidad y la escasez de recursos naturales. Estos desaf\u00edos tienen un impacto negativo en el medio ambiente y en la sociedad.<\/p>\n\n\n\n<p style=\"font-size:16px\"><strong>Desaf\u00edos econ\u00f3micos<\/strong>: Los desaf\u00edos econ\u00f3micos incluyen la desigualdad econ\u00f3mica, el desempleo, la falta de acceso a servicios financieros y la inestabilidad econ\u00f3mica. Estos desaf\u00edos pueden tener un impacto negativo en la sociedad y en el medio ambiente.<\/p>\n\n\n\n<figure class=\"wp-block-image size-large\"><img loading=\"lazy\" decoding=\"async\" width=\"1024\" height=\"761\" src=\"https:\/\/www.albertocarnero.com\/now\/wp-content\/uploads\/2023\/05\/TBP_5-1024x761.jpg\" alt=\"\" class=\"wp-image-1465\" srcset=\"https:\/\/www.albertocarnero.com\/now\/wp-content\/uploads\/2023\/05\/TBP_5-1024x761.jpg 1024w, https:\/\/www.albertocarnero.com\/now\/wp-content\/uploads\/2023\/05\/TBP_5-300x223.jpg 300w, https:\/\/www.albertocarnero.com\/now\/wp-content\/uploads\/2023\/05\/TBP_5-768x571.jpg 768w, https:\/\/www.albertocarnero.com\/now\/wp-content\/uploads\/2023\/05\/TBP_5.jpg 1280w\" sizes=\"auto, (max-width: 1024px) 100vw, 1024px\" \/><\/figure>\n\n\n\n<p style=\"font-size:16px\"><br><\/p>\n\n\n\n<hr class=\"wp-block-separator has-text-color has-alpha-channel-opacity has-background\" style=\"background-color:#ffffff00;color:#ffffff00\"\/>\n\n\n\n<hr class=\"wp-block-separator aligncenter has-text-color has-alpha-channel-opacity has-background is-style-dots\" style=\"background-color:#909090;color:#909090\"\/>\n\n\n\n<ol class=\"wp-block-list\">\n<li>Dise\u00f1o de herramientas de participaci\u00f3n ciudadana: la participaci\u00f3n ciudadana es esencial para una democracia plena. Los dise\u00f1adores pueden crear herramientas y plataformas que fomenten la participaci\u00f3n ciudadana para que la gente pueda expresar sus necesidades, opiniones y preocupaciones. Esto puede mejorar la transparencia y la responsabilidad de los l\u00edderes pol\u00edticos.<\/li>\n\n\n\n<li>Dise\u00f1o de campa\u00f1as de concientizaci\u00f3n: los dise\u00f1adores pueden crear campa\u00f1as de concientizaci\u00f3n efectivas que informen a la ciudadan\u00eda sobre los desaf\u00edos pol\u00edticos a los que nos enfrentamos. Estas campa\u00f1as pueden aumentar el conocimiento p\u00fablico y fomentar el compromiso c\u00edvico.<\/li>\n\n\n\n<li>Dise\u00f1o de espacios p\u00fablicos inclusivos: los espacios p\u00fablicos son donde se encuentran y conviven diferentes grupos sociales, por lo tanto, el dise\u00f1o de estos espacios puede mejorar la inclusi\u00f3n y la cohesi\u00f3n social. Los dise\u00f1adores pueden crear espacios p\u00fablicos que sean accesibles y acogedores para todas las personas, independientemente de sus capacidades o antecedentes.<\/li>\n\n\n\n<li>Dise\u00f1o de pol\u00edticas p\u00fablicas accesibles: las pol\u00edticas p\u00fablicas pueden ser dif\u00edciles de entender para muchas personas. Los dise\u00f1adores pueden ayudar a crear pol\u00edticas p\u00fablicas accesibles y f\u00e1ciles de entender mediante la creaci\u00f3n de gr\u00e1ficos claros, mapas y otros materiales visuales. Esto puede mejorar la transparencia y la participaci\u00f3n ciudadana en el proceso pol\u00edtico.<\/li>\n<\/ol>\n\n\n\n<h5 class=\"wp-block-heading\"><br>Aproximaciones en el dise\u00f1o<\/h5>\n\n\n\n<p style=\"font-size:16px\">\"<em>Dise\u00f1ar no es una profesi\u00f3n, es una clara actitud<\/em>\"<br><strong>L\u00e1szl\u00f3 Moholy-Nagy<\/strong><\/p>\n","protected":false},"excerpt":{"rendered":"<p>El diario The Economist, ya abord\u00f3 en varios art\u00edculos hace un tiempo los \u00abgrandes problemas\u00bb (The Big Problems) que enfrenta el mundo en la actualidad. Se argumentaron en su momento, de manera clara, que estos problemas son complejos y multifac\u00e9ticos, y que no hay soluciones f\u00e1ciles o r\u00e1pidas para abordarlos.<\/p>\n","protected":false},"author":1,"featured_media":1463,"comment_status":"closed","ping_status":"open","sticky":false,"template":"","format":"standard","meta":{"footnotes":""},"categories":[40,11,38],"tags":[20,15,18],"class_list":["post-1432","post","type-post","status-publish","format-standard","has-post-thumbnail","hentry","category-big-problems","category-ciudad","category-climatico","tag-actualidad","tag-diseno","tag-etica"],"yoast_head":"<!-- This site is optimized with the Yoast SEO plugin v27.4 - https:\/\/yoast.com\/product\/yoast-seo-wordpress\/ -->\n<title>The Big Problems - Alberto Carnero<\/title>\n<meta name=\"description\" content=\"Moholy Nagy y las caracter\u00edsticas fundamentales de la actitud en el dise\u00f1o; la importancia de la experimentaci\u00f3n en en la actualidad.\" \/>\n<meta name=\"robots\" content=\"index, follow, max-snippet:-1, max-image-preview:large, max-video-preview:-1\" \/>\n<link rel=\"canonical\" href=\"https:\/\/www.albertocarnero.com\/now\/the-big-problems\" \/>\n<meta property=\"og:locale\" content=\"es_ES\" \/>\n<meta property=\"og:type\" content=\"article\" \/>\n<meta property=\"og:title\" content=\"The Big Problems - Alberto Carnero\" \/>\n<meta property=\"og:description\" content=\"Moholy Nagy y las caracter\u00edsticas fundamentales de la actitud en el dise\u00f1o; la importancia de la experimentaci\u00f3n en en la actualidad.\" \/>\n<meta property=\"og:url\" content=\"https:\/\/www.albertocarnero.com\/now\/the-big-problems\" \/>\n<meta property=\"og:site_name\" content=\"Alberto Carnero\" \/>\n<meta property=\"article:published_time\" content=\"2024-02-13T15:04:55+00:00\" \/>\n<meta property=\"article:modified_time\" content=\"2024-02-13T19:39:46+00:00\" \/>\n<meta property=\"og:image\" content=\"https:\/\/www.albertocarnero.com\/now\/wp-content\/uploads\/2023\/05\/TBP_4.jpg\" \/>\n\t<meta property=\"og:image:width\" content=\"1080\" \/>\n\t<meta property=\"og:image:height\" content=\"548\" \/>\n\t<meta property=\"og:image:type\" content=\"image\/jpeg\" \/>\n<meta name=\"author\" content=\"Alber\" \/>\n<meta name=\"twitter:card\" content=\"summary_large_image\" \/>\n<meta name=\"twitter:label1\" content=\"Escrito por\" \/>\n\t<meta name=\"twitter:data1\" content=\"Alber\" \/>\n\t<meta name=\"twitter:label2\" content=\"Tiempo de lectura\" \/>\n\t<meta name=\"twitter:data2\" content=\"6 minutos\" \/>\n<script type=\"application\/ld+json\" class=\"yoast-schema-graph\">{\"@context\":\"https:\\\/\\\/schema.org\",\"@graph\":[{\"@type\":\"Article\",\"@id\":\"https:\\\/\\\/www.albertocarnero.com\\\/now\\\/the-big-problems#article\",\"isPartOf\":{\"@id\":\"https:\\\/\\\/www.albertocarnero.com\\\/now\\\/the-big-problems\"},\"author\":{\"name\":\"Alber\",\"@id\":\"https:\\\/\\\/www.albertocarnero.com\\\/now\\\/#\\\/schema\\\/person\\\/8fc595c189bd655c33eb012f3fe3f32f\"},\"headline\":\"The Big Problems\",\"datePublished\":\"2024-02-13T15:04:55+00:00\",\"dateModified\":\"2024-02-13T19:39:46+00:00\",\"mainEntityOfPage\":{\"@id\":\"https:\\\/\\\/www.albertocarnero.com\\\/now\\\/the-big-problems\"},\"wordCount\":1339,\"publisher\":{\"@id\":\"https:\\\/\\\/www.albertocarnero.com\\\/now\\\/#\\\/schema\\\/person\\\/8fc595c189bd655c33eb012f3fe3f32f\"},\"image\":{\"@id\":\"https:\\\/\\\/www.albertocarnero.com\\\/now\\\/the-big-problems#primaryimage\"},\"thumbnailUrl\":\"https:\\\/\\\/www.albertocarnero.com\\\/now\\\/wp-content\\\/uploads\\\/2023\\\/05\\\/TBP_4.jpg\",\"keywords\":[\"actualidad\",\"dise\u00f1o\",\"\u00e9tica\"],\"articleSection\":[\"Big problems\",\"Ciudad\",\"Clim\u00e1tico\"],\"inLanguage\":\"es\"},{\"@type\":\"WebPage\",\"@id\":\"https:\\\/\\\/www.albertocarnero.com\\\/now\\\/the-big-problems\",\"url\":\"https:\\\/\\\/www.albertocarnero.com\\\/now\\\/the-big-problems\",\"name\":\"The Big Problems - Alberto Carnero\",\"isPartOf\":{\"@id\":\"https:\\\/\\\/www.albertocarnero.com\\\/now\\\/#website\"},\"primaryImageOfPage\":{\"@id\":\"https:\\\/\\\/www.albertocarnero.com\\\/now\\\/the-big-problems#primaryimage\"},\"image\":{\"@id\":\"https:\\\/\\\/www.albertocarnero.com\\\/now\\\/the-big-problems#primaryimage\"},\"thumbnailUrl\":\"https:\\\/\\\/www.albertocarnero.com\\\/now\\\/wp-content\\\/uploads\\\/2023\\\/05\\\/TBP_4.jpg\",\"datePublished\":\"2024-02-13T15:04:55+00:00\",\"dateModified\":\"2024-02-13T19:39:46+00:00\",\"description\":\"Moholy Nagy y las caracter\u00edsticas fundamentales de la actitud en el dise\u00f1o; la importancia de la experimentaci\u00f3n en en la actualidad.\",\"breadcrumb\":{\"@id\":\"https:\\\/\\\/www.albertocarnero.com\\\/now\\\/the-big-problems#breadcrumb\"},\"inLanguage\":\"es\",\"potentialAction\":[{\"@type\":\"ReadAction\",\"target\":[\"https:\\\/\\\/www.albertocarnero.com\\\/now\\\/the-big-problems\"]}]},{\"@type\":\"ImageObject\",\"inLanguage\":\"es\",\"@id\":\"https:\\\/\\\/www.albertocarnero.com\\\/now\\\/the-big-problems#primaryimage\",\"url\":\"https:\\\/\\\/www.albertocarnero.com\\\/now\\\/wp-content\\\/uploads\\\/2023\\\/05\\\/TBP_4.jpg\",\"contentUrl\":\"https:\\\/\\\/www.albertocarnero.com\\\/now\\\/wp-content\\\/uploads\\\/2023\\\/05\\\/TBP_4.jpg\",\"width\":1080,\"height\":548},{\"@type\":\"BreadcrumbList\",\"@id\":\"https:\\\/\\\/www.albertocarnero.com\\\/now\\\/the-big-problems#breadcrumb\",\"itemListElement\":[{\"@type\":\"ListItem\",\"position\":1,\"name\":\"Portada\",\"item\":\"https:\\\/\\\/www.albertocarnero.com\\\/now\\\/\"},{\"@type\":\"ListItem\",\"position\":2,\"name\":\"The Big Problems\"}]},{\"@type\":\"WebSite\",\"@id\":\"https:\\\/\\\/www.albertocarnero.com\\\/now\\\/#website\",\"url\":\"https:\\\/\\\/www.albertocarnero.com\\\/now\\\/\",\"name\":\"Alberto Carnero - Designer\",\"description\":\"Design\",\"publisher\":{\"@id\":\"https:\\\/\\\/www.albertocarnero.com\\\/now\\\/#\\\/schema\\\/person\\\/8fc595c189bd655c33eb012f3fe3f32f\"},\"potentialAction\":[{\"@type\":\"SearchAction\",\"target\":{\"@type\":\"EntryPoint\",\"urlTemplate\":\"https:\\\/\\\/www.albertocarnero.com\\\/now\\\/?s={search_term_string}\"},\"query-input\":{\"@type\":\"PropertyValueSpecification\",\"valueRequired\":true,\"valueName\":\"search_term_string\"}}],\"inLanguage\":\"es\"},{\"@type\":[\"Person\",\"Organization\"],\"@id\":\"https:\\\/\\\/www.albertocarnero.com\\\/now\\\/#\\\/schema\\\/person\\\/8fc595c189bd655c33eb012f3fe3f32f\",\"name\":\"Alber\",\"logo\":{\"@id\":\"https:\\\/\\\/www.albertocarnero.com\\\/now\\\/#\\\/schema\\\/person\\\/image\\\/\"}}]}<\/script>\n<!-- \/ Yoast SEO plugin. -->","yoast_head_json":{"title":"The Big Problems - Alberto Carnero","description":"Moholy Nagy y las caracter\u00edsticas fundamentales de la actitud en el dise\u00f1o; la importancia de la experimentaci\u00f3n en en la actualidad.","robots":{"index":"index","follow":"follow","max-snippet":"max-snippet:-1","max-image-preview":"max-image-preview:large","max-video-preview":"max-video-preview:-1"},"canonical":"https:\/\/www.albertocarnero.com\/now\/the-big-problems","og_locale":"es_ES","og_type":"article","og_title":"The Big Problems - Alberto Carnero","og_description":"Moholy Nagy y las caracter\u00edsticas fundamentales de la actitud en el dise\u00f1o; la importancia de la experimentaci\u00f3n en en la actualidad.","og_url":"https:\/\/www.albertocarnero.com\/now\/the-big-problems","og_site_name":"Alberto Carnero","article_published_time":"2024-02-13T15:04:55+00:00","article_modified_time":"2024-02-13T19:39:46+00:00","og_image":[{"width":1080,"height":548,"url":"https:\/\/www.albertocarnero.com\/now\/wp-content\/uploads\/2023\/05\/TBP_4.jpg","type":"image\/jpeg"}],"author":"Alber","twitter_card":"summary_large_image","twitter_misc":{"Escrito por":"Alber","Tiempo de lectura":"6 minutos"},"schema":{"@context":"https:\/\/schema.org","@graph":[{"@type":"Article","@id":"https:\/\/www.albertocarnero.com\/now\/the-big-problems#article","isPartOf":{"@id":"https:\/\/www.albertocarnero.com\/now\/the-big-problems"},"author":{"name":"Alber","@id":"https:\/\/www.albertocarnero.com\/now\/#\/schema\/person\/8fc595c189bd655c33eb012f3fe3f32f"},"headline":"The Big Problems","datePublished":"2024-02-13T15:04:55+00:00","dateModified":"2024-02-13T19:39:46+00:00","mainEntityOfPage":{"@id":"https:\/\/www.albertocarnero.com\/now\/the-big-problems"},"wordCount":1339,"publisher":{"@id":"https:\/\/www.albertocarnero.com\/now\/#\/schema\/person\/8fc595c189bd655c33eb012f3fe3f32f"},"image":{"@id":"https:\/\/www.albertocarnero.com\/now\/the-big-problems#primaryimage"},"thumbnailUrl":"https:\/\/www.albertocarnero.com\/now\/wp-content\/uploads\/2023\/05\/TBP_4.jpg","keywords":["actualidad","dise\u00f1o","\u00e9tica"],"articleSection":["Big problems","Ciudad","Clim\u00e1tico"],"inLanguage":"es"},{"@type":"WebPage","@id":"https:\/\/www.albertocarnero.com\/now\/the-big-problems","url":"https:\/\/www.albertocarnero.com\/now\/the-big-problems","name":"The Big Problems - Alberto Carnero","isPartOf":{"@id":"https:\/\/www.albertocarnero.com\/now\/#website"},"primaryImageOfPage":{"@id":"https:\/\/www.albertocarnero.com\/now\/the-big-problems#primaryimage"},"image":{"@id":"https:\/\/www.albertocarnero.com\/now\/the-big-problems#primaryimage"},"thumbnailUrl":"https:\/\/www.albertocarnero.com\/now\/wp-content\/uploads\/2023\/05\/TBP_4.jpg","datePublished":"2024-02-13T15:04:55+00:00","dateModified":"2024-02-13T19:39:46+00:00","description":"Moholy Nagy y las caracter\u00edsticas fundamentales de la actitud en el dise\u00f1o; la importancia de la experimentaci\u00f3n en en la actualidad.","breadcrumb":{"@id":"https:\/\/www.albertocarnero.com\/now\/the-big-problems#breadcrumb"},"inLanguage":"es","potentialAction":[{"@type":"ReadAction","target":["https:\/\/www.albertocarnero.com\/now\/the-big-problems"]}]},{"@type":"ImageObject","inLanguage":"es","@id":"https:\/\/www.albertocarnero.com\/now\/the-big-problems#primaryimage","url":"https:\/\/www.albertocarnero.com\/now\/wp-content\/uploads\/2023\/05\/TBP_4.jpg","contentUrl":"https:\/\/www.albertocarnero.com\/now\/wp-content\/uploads\/2023\/05\/TBP_4.jpg","width":1080,"height":548},{"@type":"BreadcrumbList","@id":"https:\/\/www.albertocarnero.com\/now\/the-big-problems#breadcrumb","itemListElement":[{"@type":"ListItem","position":1,"name":"Portada","item":"https:\/\/www.albertocarnero.com\/now\/"},{"@type":"ListItem","position":2,"name":"The Big Problems"}]},{"@type":"WebSite","@id":"https:\/\/www.albertocarnero.com\/now\/#website","url":"https:\/\/www.albertocarnero.com\/now\/","name":"Alberto Carnero - Designer","description":"Design","publisher":{"@id":"https:\/\/www.albertocarnero.com\/now\/#\/schema\/person\/8fc595c189bd655c33eb012f3fe3f32f"},"potentialAction":[{"@type":"SearchAction","target":{"@type":"EntryPoint","urlTemplate":"https:\/\/www.albertocarnero.com\/now\/?s={search_term_string}"},"query-input":{"@type":"PropertyValueSpecification","valueRequired":true,"valueName":"search_term_string"}}],"inLanguage":"es"},{"@type":["Person","Organization"],"@id":"https:\/\/www.albertocarnero.com\/now\/#\/schema\/person\/8fc595c189bd655c33eb012f3fe3f32f","name":"Alber","logo":{"@id":"https:\/\/www.albertocarnero.com\/now\/#\/schema\/person\/image\/"}}]}},"_links":{"self":[{"href":"https:\/\/www.albertocarnero.com\/now\/wp-json\/wp\/v2\/posts\/1432","targetHints":{"allow":["GET"]}}],"collection":[{"href":"https:\/\/www.albertocarnero.com\/now\/wp-json\/wp\/v2\/posts"}],"about":[{"href":"https:\/\/www.albertocarnero.com\/now\/wp-json\/wp\/v2\/types\/post"}],"author":[{"embeddable":true,"href":"https:\/\/www.albertocarnero.com\/now\/wp-json\/wp\/v2\/users\/1"}],"replies":[{"embeddable":true,"href":"https:\/\/www.albertocarnero.com\/now\/wp-json\/wp\/v2\/comments?post=1432"}],"version-history":[{"count":25,"href":"https:\/\/www.albertocarnero.com\/now\/wp-json\/wp\/v2\/posts\/1432\/revisions"}],"predecessor-version":[{"id":1483,"href":"https:\/\/www.albertocarnero.com\/now\/wp-json\/wp\/v2\/posts\/1432\/revisions\/1483"}],"wp:featuredmedia":[{"embeddable":true,"href":"https:\/\/www.albertocarnero.com\/now\/wp-json\/wp\/v2\/media\/1463"}],"wp:attachment":[{"href":"https:\/\/www.albertocarnero.com\/now\/wp-json\/wp\/v2\/media?parent=1432"}],"wp:term":[{"taxonomy":"category","embeddable":true,"href":"https:\/\/www.albertocarnero.com\/now\/wp-json\/wp\/v2\/categories?post=1432"},{"taxonomy":"post_tag","embeddable":true,"href":"https:\/\/www.albertocarnero.com\/now\/wp-json\/wp\/v2\/tags?post=1432"}],"curies":[{"name":"wp","href":"https:\/\/api.w.org\/{rel}","templated":true}]}}