{"id":1953,"date":"2024-10-14T10:10:15","date_gmt":"2024-10-14T10:10:15","guid":{"rendered":"https:\/\/www.albertocarnero.com\/now\/?p=1953"},"modified":"2024-10-14T10:11:21","modified_gmt":"2024-10-14T10:11:21","slug":"use-me","status":"publish","type":"post","link":"https:\/\/www.albertocarnero.com\/now\/use-me","title":{"rendered":"Use me."},"content":{"rendered":"","protected":true},"excerpt":{"rendered":"","protected":true},"author":1,"featured_media":1954,"comment_status":"closed","ping_status":"open","sticky":false,"template":"","format":"standard","meta":{"footnotes":""},"categories":[41,79,12],"tags":[20,15,18],"class_list":["post-1953","post","type-post","status-publish","format-standard","post-password-required","hentry","category-actitud","category-emociones","category-general","tag-actualidad","tag-diseno","tag-etica"],"yoast_head":"<!-- This site is optimized with the Yoast SEO plugin v27.4 - https:\/\/yoast.com\/product\/yoast-seo-wordpress\/ -->\n<title>Use me. - Alberto Carnero<\/title>\n<meta name=\"description\" content=\"La empat\u00eda, un concepto cada vez m\u00e1s central en las conversaciones sobre dise\u00f1o y casi cualquier tema que incida en elementos sociales\" \/>\n<meta name=\"robots\" content=\"index, follow, max-snippet:-1, max-image-preview:large, max-video-preview:-1\" \/>\n<link rel=\"canonical\" href=\"https:\/\/www.albertocarnero.com\/now\/use-me\" \/>\n<meta property=\"og:locale\" content=\"es_ES\" \/>\n<meta property=\"og:type\" content=\"article\" \/>\n<meta property=\"og:title\" content=\"Use me. - Alberto Carnero\" \/>\n<meta property=\"og:description\" content=\"La empat\u00eda, un concepto cada vez m\u00e1s central en las conversaciones sobre dise\u00f1o y casi cualquier tema que incida en elementos sociales\" \/>\n<meta property=\"og:url\" content=\"https:\/\/www.albertocarnero.com\/now\/use-me\" \/>\n<meta property=\"og:site_name\" content=\"Alberto Carnero\" \/>\n<meta property=\"article:published_time\" content=\"2024-10-14T10:10:15+00:00\" \/>\n<meta property=\"article:modified_time\" content=\"2024-10-14T10:11:21+00:00\" \/>\n<meta name=\"author\" content=\"Alber\" \/>\n<meta name=\"twitter:card\" content=\"summary_large_image\" \/>\n<meta name=\"twitter:label1\" content=\"Escrito por\" \/>\n\t<meta name=\"twitter:data1\" content=\"Alber\" \/>\n\t<meta name=\"twitter:label2\" content=\"Tiempo de lectura\" \/>\n\t<meta name=\"twitter:data2\" content=\"7 minutos\" \/>\n<script type=\"application\/ld+json\" class=\"yoast-schema-graph\">{\"@context\":\"https:\\\/\\\/schema.org\",\"@graph\":[{\"@type\":\"WebPage\",\"@id\":\"https:\\\/\\\/www.albertocarnero.com\\\/now\\\/use-me\",\"url\":\"https:\\\/\\\/www.albertocarnero.com\\\/now\\\/use-me\",\"name\":\"Use me. - Alberto Carnero\",\"isPartOf\":{\"@id\":\"https:\\\/\\\/www.albertocarnero.com\\\/now\\\/#website\"},\"datePublished\":\"2024-10-14T10:10:15+00:00\",\"dateModified\":\"2024-10-14T10:11:21+00:00\",\"breadcrumb\":{\"@id\":\"https:\\\/\\\/www.albertocarnero.com\\\/now\\\/use-me#breadcrumb\"},\"inLanguage\":\"es\"},{\"@type\":\"WebSite\",\"@id\":\"https:\\\/\\\/www.albertocarnero.com\\\/now\\\/#website\",\"url\":\"https:\\\/\\\/www.albertocarnero.com\\\/now\\\/\",\"name\":\"Alberto Carnero - Designer\",\"description\":\"Design\",\"publisher\":{\"@id\":\"https:\\\/\\\/www.albertocarnero.com\\\/now\\\/#\\\/schema\\\/person\\\/8fc595c189bd655c33eb012f3fe3f32f\"},\"potentialAction\":[{\"@type\":\"SearchAction\",\"target\":{\"@type\":\"EntryPoint\",\"urlTemplate\":\"https:\\\/\\\/www.albertocarnero.com\\\/now\\\/?s={search_term_string}\"},\"query-input\":{\"@type\":\"PropertyValueSpecification\",\"valueRequired\":true,\"valueName\":\"search_term_string\"}}],\"inLanguage\":\"es\"}]}<\/script>\n<!-- \/ Yoast SEO plugin. -->","yoast_head_json":{"title":"Use me. - Alberto Carnero","description":"La empat\u00eda, un concepto cada vez m\u00e1s central en las conversaciones sobre dise\u00f1o y casi cualquier tema que incida en elementos sociales","robots":{"index":"index","follow":"follow","max-snippet":"max-snippet:-1","max-image-preview":"max-image-preview:large","max-video-preview":"max-video-preview:-1"},"canonical":"https:\/\/www.albertocarnero.com\/now\/use-me","og_locale":"es_ES","og_type":"article","og_title":"Use me. - Alberto Carnero","og_description":"La empat\u00eda, un concepto cada vez m\u00e1s central en las conversaciones sobre dise\u00f1o y casi cualquier tema que incida en elementos sociales","og_url":"https:\/\/www.albertocarnero.com\/now\/use-me","og_site_name":"Alberto Carnero","article_published_time":"2024-10-14T10:10:15+00:00","article_modified_time":"2024-10-14T10:11:21+00:00","author":"Alber","twitter_card":"summary_large_image","twitter_misc":{"Escrito por":"Alber","Tiempo de lectura":"7 minutos"},"schema":{"@context":"https:\/\/schema.org","@graph":[{"@type":"WebPage","@id":"https:\/\/www.albertocarnero.com\/now\/use-me","url":"https:\/\/www.albertocarnero.com\/now\/use-me","name":"Use me. - Alberto Carnero","isPartOf":{"@id":"https:\/\/www.albertocarnero.com\/now\/#website"},"datePublished":"2024-10-14T10:10:15+00:00","dateModified":"2024-10-14T10:11:21+00:00","breadcrumb":{"@id":"https:\/\/www.albertocarnero.com\/now\/use-me#breadcrumb"},"inLanguage":"es"},{"@type":"WebSite","@id":"https:\/\/www.albertocarnero.com\/now\/#website","url":"https:\/\/www.albertocarnero.com\/now\/","name":"Alberto Carnero - Designer","description":"Design","publisher":{"@id":"https:\/\/www.albertocarnero.com\/now\/#\/schema\/person\/8fc595c189bd655c33eb012f3fe3f32f"},"potentialAction":[{"@type":"SearchAction","target":{"@type":"EntryPoint","urlTemplate":"https:\/\/www.albertocarnero.com\/now\/?s={search_term_string}"},"query-input":{"@type":"PropertyValueSpecification","valueRequired":true,"valueName":"search_term_string"}}],"inLanguage":"es"}]}},"_links":{"self":[{"href":"https:\/\/www.albertocarnero.com\/now\/wp-json\/wp\/v2\/posts\/1953","targetHints":{"allow":["GET"]}}],"collection":[{"href":"https:\/\/www.albertocarnero.com\/now\/wp-json\/wp\/v2\/posts"}],"about":[{"href":"https:\/\/www.albertocarnero.com\/now\/wp-json\/wp\/v2\/types\/post"}],"author":[{"embeddable":true,"href":"https:\/\/www.albertocarnero.com\/now\/wp-json\/wp\/v2\/users\/1"}],"replies":[{"embeddable":true,"href":"https:\/\/www.albertocarnero.com\/now\/wp-json\/wp\/v2\/comments?post=1953"}],"version-history":[{"count":1,"href":"https:\/\/www.albertocarnero.com\/now\/wp-json\/wp\/v2\/posts\/1953\/revisions"}],"predecessor-version":[{"id":1955,"href":"https:\/\/www.albertocarnero.com\/now\/wp-json\/wp\/v2\/posts\/1953\/revisions\/1955"}],"wp:featuredmedia":[{"embeddable":true,"href":"https:\/\/www.albertocarnero.com\/now\/wp-json\/wp\/v2\/media\/1954"}],"wp:attachment":[{"href":"https:\/\/www.albertocarnero.com\/now\/wp-json\/wp\/v2\/media?parent=1953"}],"wp:term":[{"taxonomy":"category","embeddable":true,"href":"https:\/\/www.albertocarnero.com\/now\/wp-json\/wp\/v2\/categories?post=1953"},{"taxonomy":"post_tag","embeddable":true,"href":"https:\/\/www.albertocarnero.com\/now\/wp-json\/wp\/v2\/tags?post=1953"}],"curies":[{"name":"wp","href":"https:\/\/api.w.org\/{rel}","templated":true}]}}